{"id":254,"date":"2026-07-18T08:39:38","date_gmt":"2026-07-18T13:39:38","guid":{"rendered":"https:\/\/demosites.royal-elementor-addons.com\/digital-marketing-agency-v1\/?p=254"},"modified":"2026-08-28T15:23:18","modified_gmt":"2026-08-28T20:23:18","slug":"estres-laboral","status":"publish","type":"post","link":"https:\/\/unidaddemedicinalaboral.com\/?p=254","title":{"rendered":"Se\u00f1ales de alerta de estr\u00e9s laboral"},"content":{"rendered":"\n<p>salud de los trabajadores. Detectarlo a tiempo es clave para prevenir consecuencias m\u00e1s graves tanto para la persona como para la empresa.<\/p>\n\n\n\n<p>Algunas se\u00f1ales de alerta incluyen fatiga constante, irritabilidad, dificultad para concentrarse, cambios en el comportamiento, problemas de sue\u00f1o y disminuci\u00f3n en la productividad. Tambi\u00e9n pueden aparecer s\u00edntomas f\u00edsicos como dolores de cabeza, tensi\u00f3n muscular o problemas digestivos.<\/p>\n\n\n\n<p>Es fundamental que las empresas promuevan espacios de comunicaci\u00f3n, realicen evaluaciones de riesgo psicosocial y fomenten un equilibrio entre la vida laboral y personal.<\/p>\n\n\n\n<p>El estr\u00e9s laboral es uno de los factores que m\u00e1s atenci\u00f3n requiere dentro de las organizaciones modernas.<\/p>\n\n\n\n<p>Las cargas excesivas de trabajo, las jornadas prolongadas, los conflictos laborales, la falta de claridad en las funciones, la presi\u00f3n constante y los problemas de comunicaci\u00f3n pueden generar situaciones que afectan tanto el bienestar de los trabajadores como el desempe\u00f1o de la empresa.<\/p>\n\n\n\n<p>En Colombia, los factores de riesgo psicosocial forman parte de las condiciones que deben ser identificadas, evaluadas, prevenidas e intervenidas dentro de la gesti\u00f3n de Seguridad y Salud en el Trabajo. La Resoluci\u00f3n 2646 de 2008 establece responsabilidades relacionadas con la identificaci\u00f3n y evaluaci\u00f3n de estos factores.<\/p>\n\n\n\n<p>Actualmente, la Resoluci\u00f3n 2764 de 2022 adopta instrumentos y gu\u00edas t\u00e9cnicas para la evaluaci\u00f3n e intervenci\u00f3n de los factores de riesgo psicosocial.<\/p>\n\n\n\n<h2 class=\"wp-block-heading\">\u00bfQu\u00e9 es el estr\u00e9s laboral?<\/h2>\n\n\n\n<p>El estr\u00e9s puede entenderse como una respuesta f\u00edsica, psicol\u00f3gica y conductual ante determinadas demandas o situaciones.<\/p>\n\n\n\n<p>La Resoluci\u00f3n 2646 de 2008 define el estr\u00e9s como una respuesta del trabajador ante las demandas derivadas de la interacci\u00f3n entre condiciones individuales, intralaborales y extralaborales.<\/p>\n\n\n\n<p>El problema aparece cuando estas demandas se mantienen durante largos periodos o superan la capacidad de adaptaci\u00f3n de la persona.<\/p>\n\n\n\n<h2 class=\"wp-block-heading\">Se\u00f1ales f\u00edsicas<\/h2>\n\n\n\n<p>El estr\u00e9s puede manifestarse mediante diferentes s\u00edntomas f\u00edsicos.<\/p>\n\n\n\n<p>Algunas se\u00f1ales de alerta pueden ser:<\/p>\n\n\n\n<ul class=\"wp-block-list\">\n<li>Dolores de cabeza frecuentes.<\/li>\n\n\n\n<li>Cansancio constante.<\/li>\n\n\n\n<li>Alteraciones del sue\u00f1o.<\/li>\n\n\n\n<li>Tensi\u00f3n muscular.<\/li>\n\n\n\n<li>Problemas gastrointestinales.<\/li>\n\n\n\n<li>Sensaci\u00f3n de agotamiento.<\/li>\n\n\n\n<li>Cambios en el apetito.<\/li>\n\n\n\n<li>Dificultad para descansar adecuadamente.<\/li>\n<\/ul>\n\n\n\n<p>Una se\u00f1al aislada no necesariamente significa que exista un problema de estr\u00e9s laboral. Sin embargo, cuando estos s\u00edntomas son frecuentes y coinciden con situaciones laborales exigentes, conviene prestar atenci\u00f3n.<\/p>\n\n\n\n<h2 class=\"wp-block-heading\">Cambios emocionales<\/h2>\n\n\n\n<p>Tambi\u00e9n pueden presentarse cambios en el estado emocional.<\/p>\n\n\n\n<p>Por ejemplo:<\/p>\n\n\n\n<ul class=\"wp-block-list\">\n<li>Irritabilidad.<\/li>\n\n\n\n<li>Ansiedad.<\/li>\n\n\n\n<li>Desmotivaci\u00f3n.<\/li>\n\n\n\n<li>Frustraci\u00f3n.<\/li>\n\n\n\n<li>Sensaci\u00f3n de estar sobrecargado.<\/li>\n\n\n\n<li>Dificultad para concentrarse.<\/li>\n\n\n\n<li>Sensaci\u00f3n de falta de control.<\/li>\n\n\n\n<li>P\u00e9rdida de inter\u00e9s por actividades habituales.<\/li>\n<\/ul>\n\n\n\n<p>Estos cambios pueden afectar progresivamente la relaci\u00f3n del trabajador con sus compa\u00f1eros y con la organizaci\u00f3n.<\/p>\n\n\n\n<h2 class=\"wp-block-heading\">Cambios en el comportamiento<\/h2>\n\n\n\n<p>El estr\u00e9s tambi\u00e9n puede reflejarse en el comportamiento.<\/p>\n\n\n\n<p>Algunas se\u00f1ales incluyen:<\/p>\n\n\n\n<ul class=\"wp-block-list\">\n<li>Aumento del ausentismo.<\/li>\n\n\n\n<li>Disminuci\u00f3n del rendimiento.<\/li>\n\n\n\n<li>Mayor cantidad de errores.<\/li>\n\n\n\n<li>Conflictos frecuentes.<\/li>\n\n\n\n<li>Aislamiento.<\/li>\n\n\n\n<li>Incumplimiento de tareas.<\/li>\n\n\n\n<li>Dificultades para trabajar en equipo.<\/li>\n\n\n\n<li>Reducci\u00f3n de la motivaci\u00f3n.<\/li>\n<\/ul>\n\n\n\n<p>Por eso, el estr\u00e9s no debe considerarse \u00fanicamente un problema individual.<\/p>\n\n\n\n<p>Puede existir una relaci\u00f3n entre la forma en que est\u00e1 organizado el trabajo y el bienestar de los empleados.<\/p>\n\n\n\n<h2 class=\"wp-block-heading\">\u00bfC\u00f3mo puede actuar una empresa?<\/h2>\n\n\n\n<p>La primera recomendaci\u00f3n es evitar normalizar permanentemente la sobrecarga.<\/p>\n\n\n\n<p>La empresa puede revisar factores como:<\/p>\n\n\n\n<ul class=\"wp-block-list\">\n<li>Distribuci\u00f3n de tareas.<\/li>\n\n\n\n<li>Horarios.<\/li>\n\n\n\n<li>Pausas.<\/li>\n\n\n\n<li>Liderazgo.<\/li>\n\n\n\n<li>Comunicaci\u00f3n interna.<\/li>\n\n\n\n<li>Claridad de roles.<\/li>\n\n\n\n<li>Reconocimiento.<\/li>\n\n\n\n<li>Relaciones laborales.<\/li>\n\n\n\n<li>Carga mental.<\/li>\n\n\n\n<li>Autonom\u00eda.<\/li>\n\n\n\n<li>Ambiente de trabajo.<\/li>\n<\/ul>\n\n\n\n<p>La normativa colombiana establece la necesidad de identificar, evaluar y controlar los factores psicosociales, incluyendo aquellos relacionados con las condiciones intralaborales y extralaborales.<\/p>\n\n\n\n<h2 class=\"wp-block-heading\">Evaluaci\u00f3n del riesgo psicosocial<\/h2>\n\n\n\n<p>La Resoluci\u00f3n 2764 de 2022 establece instrumentos para evaluar factores de riesgo psicosocial y contempla una bater\u00eda que incluye cuestionarios de factores intralaborales, extralaborales, evaluaci\u00f3n del estr\u00e9s y ficha de datos generales.<\/p>\n\n\n\n<p>La periodicidad depende del nivel de riesgo identificado. En situaciones de alto riesgo o cuando existen efectos negativos sobre la salud, el bienestar o el trabajo, la norma contempla evaluaciones anuales y medidas de intervenci\u00f3n.<\/p>\n\n\n\n<h2 class=\"wp-block-heading\">Conclusi\u00f3n<\/h2>\n\n\n\n<p>Prevenir el estr\u00e9s laboral no significa eliminar todas las situaciones exigentes del trabajo.<\/p>\n\n\n\n<p>Significa construir organizaciones capaces de identificar los factores que generan cargas excesivas y establecer medidas para controlarlos.<\/p>\n\n\n\n<p>Un trabajador que cuenta con condiciones adecuadas para realizar sus funciones tiene mayores posibilidades de mantener un desempe\u00f1o saludable y sostenible.<\/p>\n\n\n\n<p>\ud83d\udca1 <em>Un trabajador saludable emocionalmente es m\u00e1s productivo, comprometido y estable.<\/em><\/p>\n","protected":false},"excerpt":{"rendered":"<p>El estr\u00e9s laboral es una de las principales causas de disminuci\u00f3n del rendimiento y afectaci\u00f3n en la salud de los trabajadores. Detectarlo a tiempo es clave para prevenir consecuencias m\u00e1s graves tanto para la persona como para la empresa. Algunas se\u00f1ales incluyen fatiga constante, irritabilidad, dificultad para concentrarse, cambios de comportamiento, problemas de sue\u00f1o y disminuci\u00f3n en la productividad, as\u00ed como s\u00edntomas f\u00edsicos como dolores de cabeza o tensi\u00f3n muscular.<br \/>\nEs fundamental que las empresas promuevan espacios de comunicaci\u00f3n, realicen evaluaciones de riesgo psicosocial y fomenten un equilibrio entre la vida laboral y personal.<\/p>\n","protected":false},"author":1,"featured_media":2540,"comment_status":"open","ping_status":"open","sticky":false,"template":"elementor_header_footer","format":"standard","meta":{"content-type":"","footnotes":""},"categories":[16],"tags":[],"class_list":["post-254","post","type-post","status-publish","format-standard","has-post-thumbnail","hentry","category-medico"],"_links":{"self":[{"href":"https:\/\/unidaddemedicinalaboral.com\/index.php?rest_route=\/wp\/v2\/posts\/254","targetHints":{"allow":["GET"]}}],"collection":[{"href":"https:\/\/unidaddemedicinalaboral.com\/index.php?rest_route=\/wp\/v2\/posts"}],"about":[{"href":"https:\/\/unidaddemedicinalaboral.com\/index.php?rest_route=\/wp\/v2\/types\/post"}],"author":[{"embeddable":true,"href":"https:\/\/unidaddemedicinalaboral.com\/index.php?rest_route=\/wp\/v2\/users\/1"}],"replies":[{"embeddable":true,"href":"https:\/\/unidaddemedicinalaboral.com\/index.php?rest_route=%2Fwp%2Fv2%2Fcomments&post=254"}],"version-history":[{"count":5,"href":"https:\/\/unidaddemedicinalaboral.com\/index.php?rest_route=\/wp\/v2\/posts\/254\/revisions"}],"predecessor-version":[{"id":2468,"href":"https:\/\/unidaddemedicinalaboral.com\/index.php?rest_route=\/wp\/v2\/posts\/254\/revisions\/2468"}],"wp:featuredmedia":[{"embeddable":true,"href":"https:\/\/unidaddemedicinalaboral.com\/index.php?rest_route=\/wp\/v2\/media\/2540"}],"wp:attachment":[{"href":"https:\/\/unidaddemedicinalaboral.com\/index.php?rest_route=%2Fwp%2Fv2%2Fmedia&parent=254"}],"wp:term":[{"taxonomy":"category","embeddable":true,"href":"https:\/\/unidaddemedicinalaboral.com\/index.php?rest_route=%2Fwp%2Fv2%2Fcategories&post=254"},{"taxonomy":"post_tag","embeddable":true,"href":"https:\/\/unidaddemedicinalaboral.com\/index.php?rest_route=%2Fwp%2Fv2%2Ftags&post=254"}],"curies":[{"name":"wp","href":"https:\/\/api.w.org\/{rel}","templated":true}]}}